{"id":12443,"date":"2025-08-12T11:06:35","date_gmt":"2025-08-12T03:06:35","guid":{"rendered":"https:\/\/international.addu.edu.ph\/?p=12443"},"modified":"2025-08-12T11:47:27","modified_gmt":"2025-08-12T03:47:27","slug":"communication-program-participated-in-the-41st-annual-qualitative-analysis-conference-in-quebec-city-canada","status":"publish","type":"post","link":"https:\/\/international.addu.edu.ph\/?p=12443","title":{"rendered":"Communication Program Participates in the 41st Annual Qualitative Analysis Conference in Quebec City, Canada"},"content":{"rendered":"<p>[et_pb_section fb_built=&#8221;1&#8243; fullwidth=&#8221;on&#8221; _builder_version=&#8221;4.27.2&#8243; background_color=&#8221;RGBA(255,255,255,0)&#8221; custom_margin=&#8221;-50px||73px||false|false&#8221; locked=&#8221;off&#8221; global_colors_info=&#8221;{}&#8221;][et_pb_fullwidth_slider show_image_video_mobile=&#8221;on&#8221; use_bg_overlay=&#8221;off&#8221; use_text_overlay=&#8221;off&#8221; arrows_custom_color=&#8221;#020443&#8243; dot_nav_custom_color=&#8221;#020443&#8243; _builder_version=&#8221;4.27.2&#8243; background_enable_image=&#8221;off&#8221; custom_button=&#8221;on&#8221; button_text_color=&#8221;#ffffff&#8221; module_alignment=&#8221;center&#8221; custom_margin=&#8221;100px||||false|false&#8221; custom_padding=&#8221;38px||420px|||&#8221; auto=&#8221;on&#8221; auto_ignore_hover=&#8221;on&#8221; hover_transition_duration=&#8221;10ms&#8221; hover_transition_delay=&#8221;10ms&#8221; hover_transition_speed_curve=&#8221;ease-out&#8221; hover_transition_duration_tablet=&#8221;&#8221; hover_transition_duration_phone=&#8221;&#8221; hover_transition_duration_last_edited=&#8221;on|desktop&#8221; global_colors_info=&#8221;{}&#8221;][et_pb_slide _builder_version=&#8221;4.27.2&#8243; background_color=&#8221;RGBA(255,255,255,0)&#8221; background_enable_color=&#8221;on&#8221; background_image=&#8221;http:\/\/international.addu.edu.ph\/wp-content\/uploads\/2025\/08\/IMG_6514.jpeg&#8221; background_enable_image=&#8221;on&#8221; background_size=&#8221;contain&#8221; global_colors_info=&#8221;{}&#8221; sticky_transition=&#8221;on&#8221;][\/et_pb_slide][et_pb_slide _builder_version=&#8221;4.27.2&#8243; background_color=&#8221;RGBA(255,255,255,0)&#8221; background_enable_color=&#8221;on&#8221; background_image=&#8221;http:\/\/international.addu.edu.ph\/wp-content\/uploads\/2025\/08\/IMG_6511.jpeg&#8221; background_enable_image=&#8221;on&#8221; background_size=&#8221;contain&#8221; global_colors_info=&#8221;{}&#8221; sticky_transition=&#8221;on&#8221;][\/et_pb_slide][\/et_pb_fullwidth_slider][\/et_pb_section][et_pb_section fb_built=&#8221;1&#8243; _builder_version=&#8221;4.27.2&#8243; _module_preset=&#8221;default&#8221; global_colors_info=&#8221;{}&#8221;][et_pb_row _builder_version=&#8221;4.27.2&#8243; _module_preset=&#8221;default&#8221; global_colors_info=&#8221;{}&#8221;][et_pb_column type=&#8221;4_4&#8243; _builder_version=&#8221;4.27.2&#8243; _module_preset=&#8221;default&#8221; global_colors_info=&#8221;{}&#8221;][et_pb_text _builder_version=&#8221;4.27.2&#8243; background_size=&#8221;initial&#8221; background_position=&#8221;top_left&#8221; background_repeat=&#8221;repeat&#8221; locked=&#8221;off&#8221; global_colors_info=&#8221;{}&#8221;]<\/p>\n<p>Dr. Christine Faith M. Avila, a full-time faculty member of the Communication Program, participated in the 41st Annual Qualitative Analysis Conference held on 18-20 June 2025 in the Delta Hotel in Qu\u00e9bec City, Canada.<\/p>\n<p>The conference was hosted by Wilfrid Laurier University with over 150 presenters gathering in Qu\u00e9bec City from across Canada as well as from the United States, Europe, Africa, and Asia. With the theme, \u201cThe Temporality of Lived Experiences and Everyday Life,\u201d it enlightened us to consider the socially-constructed nature of temporal experience, emphasizing the role of agency as people work to manipulate their own, and others\u2019, experiences of time. When Michael Flaherty first introduced the concept of \u201ctime work,\u201d the study of time had remained largely in the realm of philosophical, psychological, and organizational studies (efficiency studies), with a few other notable exceptions. However, attention to temporal issues has been steadily increasing in sociology. In her article about the future directions of symbolic interaction, in 2012, Kathy Charmaz encouraged the sociology of time as the next \u201chorizon\u201d for those interested in social organization. Flaherty brings our attention to the socially-constructed nature of temporal experience, emphasizing the role of agency as people work to manipulate their own, and others\u2019, experiences of time.<\/p>\n<p>The keynote speakers in the said conference include Dr. Michael Flaherty of Eckerd College and the University of South Florida, and featured speakers Dr. Eve Gardien of l\u2019Universit\u00e9 Rennes 2 and Dr. Carmen Poulin of the University of New Brunswick.<\/p>\n<p>Dr. Avila presented two papers at the said conference. The first paper is an offshoot of her dissertation entitled <em>\u201cLived Experience of Motherhood in the Digital Milieu: An Analysis of a Working Mom\u2019s Facebook Posts\u201d<\/em> which was classified under the parallel session \u2018Belonging\u2019. It was presented on the first day of the conference. Interestingly, it generated a robust discussion among the scholars, particularly that it is an autoethnographic study of working mothers (who are seen as interesting objects of study in the conference). Dr. Sophie Lavoie and Dr. G\u00fcl \u00c7al\u0131\u015fkan expressed interest in elevating the study by framing it in the feminist activism perspective.<\/p>\n<p>The second paper, entitled\u00a0<em>\u201cLocal Belief and Identity Negotiation: The Lived Experiences of EFL Teachers in an Asian Country,\u201d\u00a0<\/em>classified under the parallel session \u2018Migration\u2019, was presented on the last day of the conference. It was the only paper that showcased an Asian perspective in migration and identity negotiation. The paper stirred discussion among Western colleagues on how Asian EFL teachers respond to the pressing local belief that native English speakers are more preferred and perceived as more capable when the reality on the ground speaks otherwise. Prof. Rabindra Chaulagain of Acadia University commends the study for sharing the lived experiences of Asian EFL teachers in another Asian country. Prof. Shirin Khayambashi of Toronto Metropolitan University shares the same commendation. They articulated that the study expanded their views on migration and identity negotiation.<\/p>\n<p>[\/et_pb_text][\/et_pb_column][\/et_pb_row][\/et_pb_section][et_pb_section fb_built=&#8221;1&#8243; _builder_version=&#8221;4.27.2&#8243; _module_preset=&#8221;default&#8221; global_colors_info=&#8221;{}&#8221;][et_pb_row column_structure=&#8221;1_2,1_2&#8243; _builder_version=&#8221;4.27.2&#8243; _module_preset=&#8221;default&#8221; custom_padding=&#8221;50px||50px||false|false&#8221; global_colors_info=&#8221;{}&#8221;][et_pb_column type=&#8221;1_2&#8243; _builder_version=&#8221;4.27.2&#8243; _module_preset=&#8221;default&#8221; global_colors_info=&#8221;{}&#8221;][et_pb_image src=&#8221;http:\/\/international.addu.edu.ph\/wp-content\/uploads\/2025\/08\/IMG_6510.jpeg&#8221; title_text=&#8221;IMG_6510&#8243; align=&#8221;center&#8221; _builder_version=&#8221;4.27.2&#8243; _module_preset=&#8221;default&#8221; width=&#8221;50%&#8221; global_colors_info=&#8221;{}&#8221;][\/et_pb_image][\/et_pb_column][et_pb_column type=&#8221;1_2&#8243; _builder_version=&#8221;4.27.2&#8243; _module_preset=&#8221;default&#8221; global_colors_info=&#8221;{}&#8221;][et_pb_image src=&#8221;http:\/\/international.addu.edu.ph\/wp-content\/uploads\/2025\/08\/IMG_6513.jpeg&#8221; title_text=&#8221;IMG_6513&#8243; align=&#8221;center&#8221; _builder_version=&#8221;4.27.2&#8243; _module_preset=&#8221;default&#8221; width=&#8221;75%&#8221; global_colors_info=&#8221;{}&#8221;][\/et_pb_image][\/et_pb_column][\/et_pb_row][\/et_pb_section][et_pb_section fb_built=&#8221;1&#8243; _builder_version=&#8221;4.16&#8243; locked=&#8221;off&#8221; global_colors_info=&#8221;{}&#8221;][et_pb_row _builder_version=&#8221;4.16&#8243; custom_padding=&#8221;30px||||false|false&#8221; locked=&#8221;off&#8221; global_colors_info=&#8221;{}&#8221;][et_pb_column type=&#8221;4_4&#8243; _builder_version=&#8221;4.16&#8243; global_colors_info=&#8221;{}&#8221;][et_pb_text _builder_version=&#8221;4.27.2&#8243; text_text_color=&#8221;rgba(0,0,0,0.59)&#8221; background_size=&#8221;initial&#8221; background_position=&#8221;top_left&#8221; background_repeat=&#8221;repeat&#8221; locked=&#8221;off&#8221; global_colors_info=&#8221;{}&#8221;]<\/p>\n<p><em>Article and Photos by Dr. Christine Faith M. Avila<\/em><em><\/em><\/p>\n<p><em><!-- \/divi:paragraph --><\/em><\/p>\n<p>[\/et_pb_text][\/et_pb_column][\/et_pb_row][et_pb_row _builder_version=&#8221;4.16&#8243; custom_padding=&#8221;30px||||false|false&#8221; global_colors_info=&#8221;{}&#8221;][et_pb_column type=&#8221;4_4&#8243; _builder_version=&#8221;4.16&#8243; global_colors_info=&#8221;{}&#8221;][et_pb_text _builder_version=&#8221;4.16&#8243; text_font=&#8221;||on||||||&#8221; text_text_color=&#8221;rgba(0,0,0,0.59)&#8221; locked=&#8221;off&#8221; global_colors_info=&#8221;{}&#8221;]<\/p>\n<p>Published on<\/p>\n<p>[\/et_pb_text][et_pb_text _builder_version=&#8221;4.16&#8243; _dynamic_attributes=&#8221;content&#8221; text_font=&#8221;||on||||||&#8221; text_text_color=&#8221;rgba(0,0,0,0.59)&#8221; custom_margin=&#8221;-25px|||||&#8221; locked=&#8221;off&#8221; global_colors_info=&#8221;{}&#8221;]@ET-DC@eyJkeW5hbWljIjp0cnVlLCJjb250ZW50IjoicG9zdF9kYXRlIiwic2V0dGluZ3MiOnsiYmVmb3JlIjoiIiwiYWZ0ZXIiOiIiLCJkYXRlX2Zvcm1hdCI6ImN1c3RvbSIsImN1c3RvbV9kYXRlX2Zvcm1hdCI6ImQgRiBZIn19@[\/et_pb_text][\/et_pb_column][\/et_pb_row][\/et_pb_section]<\/p>\n","protected":false},"excerpt":{"rendered":"<p>Dr. Christine Faith M. Avila, a full-time faculty member of the Communication Program, participated in the 41st Annual Qualitative Analysis Conference held on 18-20 June 2025 in the Delta Hotel in Qu\u00e9bec City, Canada. The conference was hosted by Wilfrid Laurier University with over 150 presenters gathering in Qu\u00e9bec City from across Canada as well [&hellip;]<\/p>\n","protected":false},"author":3,"featured_media":0,"comment_status":"closed","ping_status":"closed","sticky":false,"template":"","format":"standard","meta":{"_et_pb_use_builder":"on","_et_pb_old_content":"","_et_gb_content_width":"","footnotes":""},"categories":[15,140],"tags":[],"class_list":["post-12443","post","type-post","status-publish","format-standard","hentry","category-newsandevents","category-university-news"],"_links":{"self":[{"href":"https:\/\/international.addu.edu.ph\/index.php?rest_route=\/wp\/v2\/posts\/12443","targetHints":{"allow":["GET"]}}],"collection":[{"href":"https:\/\/international.addu.edu.ph\/index.php?rest_route=\/wp\/v2\/posts"}],"about":[{"href":"https:\/\/international.addu.edu.ph\/index.php?rest_route=\/wp\/v2\/types\/post"}],"author":[{"embeddable":true,"href":"https:\/\/international.addu.edu.ph\/index.php?rest_route=\/wp\/v2\/users\/3"}],"replies":[{"embeddable":true,"href":"https:\/\/international.addu.edu.ph\/index.php?rest_route=%2Fwp%2Fv2%2Fcomments&post=12443"}],"version-history":[{"count":8,"href":"https:\/\/international.addu.edu.ph\/index.php?rest_route=\/wp\/v2\/posts\/12443\/revisions"}],"predecessor-version":[{"id":12457,"href":"https:\/\/international.addu.edu.ph\/index.php?rest_route=\/wp\/v2\/posts\/12443\/revisions\/12457"}],"wp:attachment":[{"href":"https:\/\/international.addu.edu.ph\/index.php?rest_route=%2Fwp%2Fv2%2Fmedia&parent=12443"}],"wp:term":[{"taxonomy":"category","embeddable":true,"href":"https:\/\/international.addu.edu.ph\/index.php?rest_route=%2Fwp%2Fv2%2Fcategories&post=12443"},{"taxonomy":"post_tag","embeddable":true,"href":"https:\/\/international.addu.edu.ph\/index.php?rest_route=%2Fwp%2Fv2%2Ftags&post=12443"}],"curies":[{"name":"wp","href":"https:\/\/api.w.org\/{rel}","templated":true}]}}